{"id":11566,"date":"2026-01-15T18:25:00","date_gmt":"2026-01-15T07:25:00","guid":{"rendered":"https:\/\/digifort.global\/non-categorise\/intersec-dubai-2026\/"},"modified":"2026-02-12T13:44:23","modified_gmt":"2026-02-12T02:44:23","slug":"intersec-dubai-2026","status":"publish","type":"post","link":"https:\/\/digifort.global\/fr\/evenements-et-expositions\/expositions\/intersec-dubai-2026\/","title":{"rendered":"Intersec Duba\u00ef 2026"},"content":{"rendered":"\n<h2 class=\"wp-block-heading\"><strong>Ouvrir le \u00ab\u00a0prochain chapitre\u00a0\u00bb avec une \u00e9quipe et une vision mondiales<\/strong><\/h2>\n\n<p><\/p>\n\n<p>Digifort a fi\u00e8rement particip\u00e9 \u00e0 <strong>Intersec 2026<\/strong>, l&rsquo;un des \u00e9v\u00e9nements les plus importants de la r\u00e9gion dans le domaine des technologies de s\u00e9curit\u00e9, qui s&rsquo;est tenu au Dubai World Trade Centre. La pr\u00e9sence de cette ann\u00e9e a marqu\u00e9 une \u00e9tape importante pour l&rsquo;entreprise, puisqu&rsquo;elle a co\u00efncid\u00e9 avec le lancement officiel de notre nouvelle orientation strat\u00e9gique, intitul\u00e9e : <strong>\u00ab\u00a0The Next Chapter\u00a0\u00bb.<\/strong> <\/p>\n\n<p>Pendant trois jours d&rsquo;activit\u00e9 et d&rsquo;engagement intenses, Digifort a accueilli des centaines de visiteurs, partenaires et clients sur son stand, pr\u00e9sentant les derniers d\u00e9veloppements en mati\u00e8re de vid\u00e9osurveillance, d&rsquo;analyse de l&rsquo;IA et la nouvelle <strong>plateforme ISMS<\/strong>, un cadre modulaire, \u00e9volutif et orient\u00e9 vers l&rsquo;avenir pour la gestion int\u00e9gr\u00e9e de la s\u00e9curit\u00e9.<\/p>\n\n<div style=\"height:25px\" aria-hidden=\"true\" class=\"wp-block-spacer\"><\/div>\n\n<figure class=\"wp-block-image size-full has-custom-border\" style=\"margin-top:0%;margin-right:7%;margin-bottom:0%;margin-left:7%\"><img fetchpriority=\"high\" decoding=\"async\" width=\"1350\" height=\"1080\" src=\"https:\/\/digifort.global\/wp-content\/uploads\/2026\/02\/Intersec-2026-Collage-1.png\" alt=\"\" class=\"wp-image-11527\" style=\"border-radius:25px\"\/><\/figure>\n\n<div style=\"height:25px\" aria-hidden=\"true\" class=\"wp-block-spacer\"><\/div>\n\n<h3 class=\"wp-block-heading\"><strong>Une pr\u00e9sence v\u00e9ritablement mondiale<\/strong><\/h3>\n\n<p>L&rsquo;Intersec de cette ann\u00e9e a \u00e9t\u00e9 sp\u00e9cial non seulement pour ce que nous avons pr\u00e9sent\u00e9, mais aussi pour <strong>les personnes qui se sont r\u00e9unies pour le faire.<\/strong><\/p>\n\n<p>L&rsquo;\u00e9v\u00e9nement a vu la participation du r\u00e9seau mondial de Digifort, notamment :<\/p>\n\n<ul class=\"wp-block-list\">\n<li>Notre <strong>cofondateur et responsable du d\u00e9veloppement<\/strong>, en visite depuis les \u00c9tats-Unis.<\/li>\n\n\n\n<li>Des \u00e9quipes d&rsquo;<strong>Australie, du Royaume-Uni, d&rsquo;Inde et du Moyen-Orient<\/strong>.<\/li>\n\n\n\n<li>Des op\u00e9rations locales dirig\u00e9es par notre <strong>\u00e9quipe<\/strong> d\u00e9vou\u00e9e de <strong>Duba\u00ef<\/strong>.<\/li>\n<\/ul>\n\n<p>La coordination entre les fuseaux horaires et les cultures a fait d&rsquo;Intersec une manifestation en temps r\u00e9el de notre identit\u00e9 mondiale.<\/p>\n\n<div style=\"height:25px\" aria-hidden=\"true\" class=\"wp-block-spacer\"><\/div>\n\n<h3 class=\"wp-block-heading\">Vous pouvez visionner la vid\u00e9o de l&rsquo;exposition ici :<\/h3>\n\n<div style=\"height:20px\" aria-hidden=\"true\" class=\"wp-block-spacer\"><\/div>\n\n<figure class=\"wp-block-embed is-type-video is-provider-youtube wp-block-embed-youtube wp-embed-aspect-16-9 wp-has-aspect-ratio\" style=\"margin-top:0%;margin-right:7%;margin-bottom:0%;margin-left:7%\"><div class=\"wp-block-embed__wrapper\">\n<iframe title=\"Digifort at Dubai Intersec 2026\" width=\"800\" height=\"450\" src=\"https:\/\/www.youtube.com\/embed\/aX0vO6c3OUI?feature=oembed\" frameborder=\"0\" allow=\"accelerometer; autoplay; clipboard-write; encrypted-media; gyroscope; picture-in-picture; web-share\" referrerpolicy=\"strict-origin-when-cross-origin\" allowfullscreen><\/iframe>\n<\/div><\/figure>\n\n<div style=\"height:20px\" aria-hidden=\"true\" class=\"wp-block-spacer\"><\/div>\n\n<h3 class=\"wp-block-heading\">Merci de votre attention.<\/h3>\n\n<p>Nous remercions sinc\u00e8rement tous ceux qui ont visit\u00e9 notre stand, particip\u00e9 \u00e0 nos sessions et fait de l&rsquo;Intersec de cette ann\u00e9e un \u00e9v\u00e9nement m\u00e9morable.<\/p>\n\n<p>La dynamique cr\u00e9\u00e9e \u00e0 Duba\u00ef continuera \u00e0 fa\u00e7onner la mani\u00e8re dont nous fournissons, ensemble, des innovations en mati\u00e8re de s\u00e9curit\u00e9 \u00e0 l&rsquo;\u00e9chelle mondiale.<\/p>\n\n<p><\/p>\n","protected":false},"excerpt":{"rendered":"<p>Ouvrir le \u00ab\u00a0prochain chapitre\u00a0\u00bb avec une \u00e9quipe et une vision mondiales Digifort a fi\u00e8rement particip\u00e9 \u00e0 Intersec 2026, l&rsquo;un des \u00e9v\u00e9nements les plus importants de la r\u00e9gion dans le domaine des technologies de s\u00e9curit\u00e9, qui s&rsquo;est tenu au Dubai World Trade Centre. La pr\u00e9sence de cette ann\u00e9e a marqu\u00e9 une \u00e9tape importante pour l&rsquo;entreprise, puisqu&rsquo;elle [&hellip;]<\/p>\n","protected":false},"author":2,"featured_media":11569,"comment_status":"open","ping_status":"open","sticky":false,"template":"","format":"standard","meta":{"footnotes":""},"categories":[750,159],"tags":[751,188,187],"class_list":["post-11566","post","type-post","status-publish","format-standard","has-post-thumbnail","hentry","category-evenements-et-expositions","category-expositions","tag-digifort-intersec-2026","tag-isms","tag-vms"],"_links":{"self":[{"href":"https:\/\/digifort.global\/fr\/wp-json\/wp\/v2\/posts\/11566","targetHints":{"allow":["GET"]}}],"collection":[{"href":"https:\/\/digifort.global\/fr\/wp-json\/wp\/v2\/posts"}],"about":[{"href":"https:\/\/digifort.global\/fr\/wp-json\/wp\/v2\/types\/post"}],"author":[{"embeddable":true,"href":"https:\/\/digifort.global\/fr\/wp-json\/wp\/v2\/users\/2"}],"replies":[{"embeddable":true,"href":"https:\/\/digifort.global\/fr\/wp-json\/wp\/v2\/comments?post=11566"}],"version-history":[{"count":10,"href":"https:\/\/digifort.global\/fr\/wp-json\/wp\/v2\/posts\/11566\/revisions"}],"predecessor-version":[{"id":11911,"href":"https:\/\/digifort.global\/fr\/wp-json\/wp\/v2\/posts\/11566\/revisions\/11911"}],"wp:featuredmedia":[{"embeddable":true,"href":"https:\/\/digifort.global\/fr\/wp-json\/wp\/v2\/media\/11569"}],"wp:attachment":[{"href":"https:\/\/digifort.global\/fr\/wp-json\/wp\/v2\/media?parent=11566"}],"wp:term":[{"taxonomy":"category","embeddable":true,"href":"https:\/\/digifort.global\/fr\/wp-json\/wp\/v2\/categories?post=11566"},{"taxonomy":"post_tag","embeddable":true,"href":"https:\/\/digifort.global\/fr\/wp-json\/wp\/v2\/tags?post=11566"}],"curies":[{"name":"wp","href":"https:\/\/api.w.org\/{rel}","templated":true}]}}