{"id":8637,"date":"2024-12-11T16:43:00","date_gmt":"2024-12-11T05:43:00","guid":{"rendered":"https:\/\/digifort.global\/non-categorise\/digifort-le-plus-grand-mur-led-du-bresil\/"},"modified":"2025-11-06T19:33:05","modified_gmt":"2025-11-06T08:33:05","slug":"digifort-le-plus-grand-mur-led-du-bresil","status":"publish","type":"post","link":"https:\/\/digifort.global\/fr\/evenements-et-expositions\/evenements\/digifort-le-plus-grand-mur-led-du-bresil\/","title":{"rendered":"Digifort : le plus grand mur LED du Br\u00e9sil"},"content":{"rendered":"\n<p><strong>Le centre de surveillance de S\u00e3o Caetano do Sul rouvre ses portes avec le plus grand mur LED du Br\u00e9sil et le syst\u00e8me de gestion vid\u00e9o Digifort comprenant l&rsquo;analyse vid\u00e9o intelligente.<\/strong><\/p>\n\n<p>Nous sommes fiers d&rsquo;annoncer la r\u00e9ouverture du centre de surveillance de S\u00e3o Caetano do Sul le 11 d\u00e9cembre, d\u00e9sormais \u00e9quip\u00e9 d&rsquo;une technologie de pointe et aliment\u00e9 par Digifort 7.4.1.<\/p>\n\n<div style=\"height:25px\" aria-hidden=\"true\" class=\"wp-block-spacer\"><\/div>\n\n<figure class=\"wp-block-image size-full has-custom-border\" style=\"margin-top:0%;margin-right:7%;margin-bottom:0%;margin-left:7%\"><img fetchpriority=\"high\" decoding=\"async\" width=\"1350\" height=\"1080\" src=\"https:\/\/digifort.global\/wp-content\/uploads\/2025\/07\/Secondary-cover-3.jpg\" alt=\"\" class=\"wp-image-6617\" style=\"border-radius:25px\"\/><\/figure>\n\n<div style=\"height:25px\" aria-hidden=\"true\" class=\"wp-block-spacer\"><\/div>\n\n<p>Le plus grand mur vid\u00e9o LED du Br\u00e9sil, mesurant 3,20 x 9,28 m\u00e8tres et affichant plus de 8 millions de pixels, constitue une nouvelle r\u00e9f\u00e9rence pour la surveillance en temps r\u00e9el de la s\u00e9curit\u00e9 publique dans le pays.<\/p>\n\n<div style=\"height:25px\" aria-hidden=\"true\" class=\"wp-block-spacer\"><\/div>\n\n<p>Le centre est d\u00e9sormais dot\u00e9 d&rsquo;un syst\u00e8me avanc\u00e9 d&rsquo;analyse vid\u00e9o intelligente, enti\u00e8rement int\u00e9gr\u00e9 \u00e0 la plateforme ISMS de Digifort, ce qui lui permet d&rsquo;offrir des services d&rsquo;analyse vid\u00e9o intelligente \u00e0 ses clients :<\/p>\n\n<p><\/p>\n\n<ul class=\"wp-block-list\">\n<li>D\u00e9tection plus rapide et plus intelligente des incidents<\/li>\n\n\n\n<li>Coordination de la r\u00e9ponse en temps r\u00e9el<\/li>\n\n\n\n<li>Int\u00e9gration simplifi\u00e9e avec l&rsquo;infrastructure de la ville et les services d&rsquo;urgence<\/li>\n<\/ul>\n\n<div style=\"height:25px\" aria-hidden=\"true\" class=\"wp-block-spacer\"><\/div>\n\n<p>Cette initiative refl\u00e8te l&rsquo;engagement fort de la ville en mati\u00e8re d&rsquo;innovation, de s\u00e9curit\u00e9 publique et d&rsquo;excellence op\u00e9rationnelle, tout en d\u00e9montrant le r\u00f4le continu de Digifort en tant que partenaire technologique de confiance pour les villes intelligentes et les environnements critiques.<\/p>\n\n<p>Nous f\u00e9licitons l&rsquo;\u00e9quipe \u00e0 l&rsquo;origine de cette transformation et sommes honor\u00e9s de participer \u00e0 ce projet remarquable.<\/p>\n\n<div style=\"height:25px\" aria-hidden=\"true\" class=\"wp-block-spacer\"><\/div>\n\n<p><strong>Une technologie qui prot\u00e8ge. L&rsquo;intelligence au service de l&rsquo;autonomie. <\/strong><\/p>\n\n<div style=\"height:25px\" aria-hidden=\"true\" class=\"wp-block-spacer\"><\/div>\n","protected":false},"excerpt":{"rendered":"<p>Le centre de surveillance de S\u00e3o Caetano do Sul rouvre ses portes avec le plus grand mur LED du Br\u00e9sil et le syst\u00e8me de gestion vid\u00e9o Digifort comprenant l&rsquo;analyse vid\u00e9o intelligente. Nous sommes fiers d&rsquo;annoncer la r\u00e9ouverture du centre de surveillance de S\u00e3o Caetano do Sul le 11 d\u00e9cembre, d\u00e9sormais \u00e9quip\u00e9 d&rsquo;une technologie de pointe [&hellip;]<\/p>\n","protected":false},"author":2,"featured_media":8638,"comment_status":"open","ping_status":"open","sticky":false,"template":"","format":"standard","meta":{"footnotes":""},"categories":[370],"tags":[377,160,376,187],"class_list":["post-8637","post","type-post","status-publish","format-standard","has-post-thumbnail","hentry","category-evenements","tag-bresil","tag-digifort","tag-mur-dimages","tag-vms"],"_links":{"self":[{"href":"https:\/\/digifort.global\/fr\/wp-json\/wp\/v2\/posts\/8637","targetHints":{"allow":["GET"]}}],"collection":[{"href":"https:\/\/digifort.global\/fr\/wp-json\/wp\/v2\/posts"}],"about":[{"href":"https:\/\/digifort.global\/fr\/wp-json\/wp\/v2\/types\/post"}],"author":[{"embeddable":true,"href":"https:\/\/digifort.global\/fr\/wp-json\/wp\/v2\/users\/2"}],"replies":[{"embeddable":true,"href":"https:\/\/digifort.global\/fr\/wp-json\/wp\/v2\/comments?post=8637"}],"version-history":[{"count":1,"href":"https:\/\/digifort.global\/fr\/wp-json\/wp\/v2\/posts\/8637\/revisions"}],"predecessor-version":[{"id":8642,"href":"https:\/\/digifort.global\/fr\/wp-json\/wp\/v2\/posts\/8637\/revisions\/8642"}],"wp:featuredmedia":[{"embeddable":true,"href":"https:\/\/digifort.global\/fr\/wp-json\/wp\/v2\/media\/8638"}],"wp:attachment":[{"href":"https:\/\/digifort.global\/fr\/wp-json\/wp\/v2\/media?parent=8637"}],"wp:term":[{"taxonomy":"category","embeddable":true,"href":"https:\/\/digifort.global\/fr\/wp-json\/wp\/v2\/categories?post=8637"},{"taxonomy":"post_tag","embeddable":true,"href":"https:\/\/digifort.global\/fr\/wp-json\/wp\/v2\/tags?post=8637"}],"curies":[{"name":"wp","href":"https:\/\/api.w.org\/{rel}","templated":true}]}}