{"id":9070,"date":"2023-01-19T22:43:00","date_gmt":"2023-01-19T11:43:00","guid":{"rendered":"https:\/\/digifort.global\/non-categorise\/intersec-dubai-2023\/"},"modified":"2025-11-06T19:34:40","modified_gmt":"2025-11-06T08:34:40","slug":"intersec-dubai-2023","status":"publish","type":"post","link":"https:\/\/digifort.global\/fr\/evenements-et-expositions\/expositions\/intersec-dubai-2023\/","title":{"rendered":"Intersec Duba\u00ef, 2023"},"content":{"rendered":"\n<h2 class=\"wp-block-heading\"><strong>Digifort pr\u00e9sente l&rsquo;int\u00e9gration du contr\u00f4le d&rsquo;acc\u00e8s SmartConnect \u00e0 Intersec 2023<\/strong><\/h2>\n\n<p>Digifort a d\u00e9voil\u00e9 sa derni\u00e8re int\u00e9gration de contr\u00f4le d&rsquo;acc\u00e8s SmartConnect \u00e0 l&rsquo;occasion du salon Intersec 2023, qui s&rsquo;est tenu du 17 au 19 janvier au Dubai World Trade Centre. Ce module riche en fonctionnalit\u00e9s souligne l&rsquo;engagement de Digifort \u00e0 fournir des solutions de s\u00e9curit\u00e9 holistiques qui fusionnent la gestion vid\u00e9o intelligente avec un contr\u00f4le d&rsquo;acc\u00e8s robuste et des capacit\u00e9s tierces. L&rsquo;\u00e9v\u00e9nement a attir\u00e9 des leaders mondiaux de l&rsquo;industrie, offrant une plate-forme id\u00e9ale pour Digifort de montrer comment SmartConnect peut \u00e9lever la s\u00e9curit\u00e9 gr\u00e2ce \u00e0 l&rsquo;int\u00e9gration transparente de l&rsquo;acc\u00e8s en temps r\u00e9el et des donn\u00e9es vid\u00e9o.  <\/p>\n\n<div style=\"height:25px\" aria-hidden=\"true\" class=\"wp-block-spacer\"><\/div>\n\n<figure class=\"wp-block-image size-full has-custom-border\" style=\"margin-top:0%;margin-right:7%;margin-bottom:0%;margin-left:7%\"><img fetchpriority=\"high\" decoding=\"async\" width=\"1350\" height=\"1080\" src=\"https:\/\/digifort.global\/wp-content\/uploads\/2023\/01\/Secondary-cover.jpg\" alt=\"\" class=\"wp-image-6582\" style=\"border-radius:25px\"\/><\/figure>\n\n<div style=\"height:25px\" aria-hidden=\"true\" class=\"wp-block-spacer\"><\/div>\n\n<p>Intersec 2023 a \u00e9t\u00e9 une \u00e9tape importante pour Digifort, d\u00e9montrant son engagement \u00e0 r\u00e9pondre \u00e0 l&rsquo;\u00e9volution des besoins en mati\u00e8re de s\u00e9curit\u00e9 en mettant l&rsquo;accent sur des int\u00e9grations transparentes qui am\u00e9liorent l&rsquo;efficacit\u00e9 et les capacit\u00e9s de r\u00e9ponse. La solution SmartConnect de Digifort a suscit\u00e9 un vif int\u00e9r\u00eat et des r\u00e9actions positives de la part des partenaires et des participants, soulignant son potentiel \u00e0 \u00e9tablir de nouvelles normes en mati\u00e8re de solutions int\u00e9gr\u00e9es de contr\u00f4le d&rsquo;acc\u00e8s et de gestion vid\u00e9o. <\/p>\n\n<div style=\"height:25px\" aria-hidden=\"true\" class=\"wp-block-spacer\"><\/div>\n\n<h3 class=\"wp-block-heading\">Pr\u00e9paration du stand :<\/h3>\n\n<figure class=\"wp-block-embed is-type-video is-provider-youtube wp-block-embed-youtube wp-embed-aspect-16-9 wp-has-aspect-ratio\" style=\"margin-top:0%;margin-right:7%;margin-bottom:0%;margin-left:7%\"><div class=\"wp-block-embed__wrapper\">\n<iframe title=\"Preparing the booth Intersec 2023\" width=\"800\" height=\"450\" src=\"https:\/\/www.youtube.com\/embed\/wOVeB45lUrU?feature=oembed\" frameborder=\"0\" allow=\"accelerometer; autoplay; clipboard-write; encrypted-media; gyroscope; picture-in-picture; web-share\" referrerpolicy=\"strict-origin-when-cross-origin\" allowfullscreen><\/iframe>\n<\/div><\/figure>\n\n<div style=\"height:100px\" aria-hidden=\"true\" class=\"wp-block-spacer\"><\/div>\n\n<h3 class=\"wp-block-heading\">Entretien avec le pr\u00e9sident de Global Business, Tooma Chong :<\/h3>\n\n<figure class=\"wp-block-embed is-type-video is-provider-youtube wp-block-embed-youtube wp-embed-aspect-16-9 wp-has-aspect-ratio\" style=\"margin-top:0%;margin-right:7%;margin-bottom:0%;margin-left:7%\"><div class=\"wp-block-embed__wrapper\">\n<iframe title=\"Tooma Chong&#039;s Interview at Intersec 2023\" width=\"800\" height=\"450\" src=\"https:\/\/www.youtube.com\/embed\/8wxQ_73MZC4?feature=oembed\" frameborder=\"0\" allow=\"accelerometer; autoplay; clipboard-write; encrypted-media; gyroscope; picture-in-picture; web-share\" referrerpolicy=\"strict-origin-when-cross-origin\" allowfullscreen><\/iframe>\n<\/div><\/figure>\n\n<div style=\"height:100px\" aria-hidden=\"true\" class=\"wp-block-spacer\"><\/div>\n\n<h3 class=\"wp-block-heading\">Un entretien avec le vice-pr\u00e9sident de la division EMEA, Fran\u00e7ois Levy :<\/h3>\n\n<figure class=\"wp-block-embed is-type-video is-provider-youtube wp-block-embed-youtube wp-embed-aspect-16-9 wp-has-aspect-ratio\" style=\"margin-top:0%;margin-right:7%;margin-bottom:0%;margin-left:7%\"><div class=\"wp-block-embed__wrapper\">\n<iframe title=\"Francois Levy&#039;s Interview at Intersec 2023\" width=\"800\" height=\"450\" src=\"https:\/\/www.youtube.com\/embed\/8T2w-8kulhM?feature=oembed\" frameborder=\"0\" allow=\"accelerometer; autoplay; clipboard-write; encrypted-media; gyroscope; picture-in-picture; web-share\" referrerpolicy=\"strict-origin-when-cross-origin\" allowfullscreen><\/iframe>\n<\/div><\/figure>\n\n<div style=\"height:25px\" aria-hidden=\"true\" class=\"wp-block-spacer\"><\/div>\n\n<div style=\"height:25px\" aria-hidden=\"true\" class=\"wp-block-spacer\"><\/div>\n\n<p><\/p>\n","protected":false},"excerpt":{"rendered":"<p>Digifort pr\u00e9sente l&rsquo;int\u00e9gration du contr\u00f4le d&rsquo;acc\u00e8s SmartConnect \u00e0 Intersec 2023 Digifort a d\u00e9voil\u00e9 sa derni\u00e8re int\u00e9gration de contr\u00f4le d&rsquo;acc\u00e8s SmartConnect \u00e0 l&rsquo;occasion du salon Intersec 2023, qui s&rsquo;est tenu du 17 au 19 janvier au Dubai World Trade Centre. Ce module riche en fonctionnalit\u00e9s souligne l&rsquo;engagement de Digifort \u00e0 fournir des solutions de s\u00e9curit\u00e9 holistiques [&hellip;]<\/p>\n","protected":false},"author":2,"featured_media":9100,"comment_status":"closed","ping_status":"closed","sticky":false,"template":"","format":"standard","meta":{"footnotes":""},"categories":[159],"tags":[160,178,162,457],"class_list":["post-9070","post","type-post","status-publish","format-standard","has-post-thumbnail","hentry","category-expositions","tag-digifort","tag-dubai","tag-intersec","tag-logiciel-de-gestion-video"],"_links":{"self":[{"href":"https:\/\/digifort.global\/fr\/wp-json\/wp\/v2\/posts\/9070","targetHints":{"allow":["GET"]}}],"collection":[{"href":"https:\/\/digifort.global\/fr\/wp-json\/wp\/v2\/posts"}],"about":[{"href":"https:\/\/digifort.global\/fr\/wp-json\/wp\/v2\/types\/post"}],"author":[{"embeddable":true,"href":"https:\/\/digifort.global\/fr\/wp-json\/wp\/v2\/users\/2"}],"replies":[{"embeddable":true,"href":"https:\/\/digifort.global\/fr\/wp-json\/wp\/v2\/comments?post=9070"}],"version-history":[{"count":1,"href":"https:\/\/digifort.global\/fr\/wp-json\/wp\/v2\/posts\/9070\/revisions"}],"predecessor-version":[{"id":9103,"href":"https:\/\/digifort.global\/fr\/wp-json\/wp\/v2\/posts\/9070\/revisions\/9103"}],"wp:featuredmedia":[{"embeddable":true,"href":"https:\/\/digifort.global\/fr\/wp-json\/wp\/v2\/media\/9100"}],"wp:attachment":[{"href":"https:\/\/digifort.global\/fr\/wp-json\/wp\/v2\/media?parent=9070"}],"wp:term":[{"taxonomy":"category","embeddable":true,"href":"https:\/\/digifort.global\/fr\/wp-json\/wp\/v2\/categories?post=9070"},{"taxonomy":"post_tag","embeddable":true,"href":"https:\/\/digifort.global\/fr\/wp-json\/wp\/v2\/tags?post=9070"}],"curies":[{"name":"wp","href":"https:\/\/api.w.org\/{rel}","templated":true}]}}